{"id":531,"date":"2014-10-30T20:57:16","date_gmt":"2014-10-30T19:57:16","guid":{"rendered":"http:\/\/www.repair-cafe-gauting.de\/?p=531"},"modified":"2021-02-19T18:08:33","modified_gmt":"2021-02-19T17:08:33","slug":"vernetzung","status":"publish","type":"post","link":"https:\/\/www.repair-cafe-gauting.de\/?p=531","title":{"rendered":"Vernetzung"},"content":{"rendered":"<h3>Bericht \u00fcber das bundesweite Vernetzungstreffen am 11.10.2014<\/h3>\n<p>von Tom Hansing (Anstiftung-Ertomis)<\/p>\n<p>Liebe Repair-Caf\u00e9-MacherInnen und InitiatorInnen von Reparaturinitativen,<br \/>\nwir haben uns sehr gefreut, dass so viele von Euch nach M\u00fcnchen zum ersten bundesweiten Vernetzungstreffen angereist sind und wir Euch pers\u00f6nlich kennen lernen konnten. Es war ein inspirierender Tag mit tollen Leuten und motivierter Stimmung. Mit diesem Newsletter m\u00f6chten wir Euch alle dar\u00fcber informieren, was beim Treffen thematisiert wurde.<\/p>\n<h6>1. Bundesweites Netzwerktreffen, 11. Oktober 2014<br \/>\nA) Workshops<\/h6>\n<p>In zwei Workshops konnten sich die TeilnehmerInnen zu den Themen Kommunikation &amp; \u00d6ffentlichkeitsarbeit sowie Rechts- und Vereinsfragen austauschen.<br \/>\nEin Grundlagenpapier zum Vereinsrecht findet ihr hier: <a href=\"http:\/\/www.offene-werkstaetten.org\/docs\/Hintergrundtexte.pdf\">KLICK<\/a><br \/>\nDie Protokolle zum Workshop Kommunikation werden in K\u00fcrze auf unserer Homepage <a href=\"http:\/\/www.anstiftung.de\">www.anstiftung.de<\/a> bereitgestellt.<\/p>\n<h6>B) Open Space<\/h6>\n<p>W\u00e4hrend des ganzen Tages war der OpenSpace zug\u00e4nglich, um Ideen und Vorstellungen auszutauschen, die als f\u00f6rderlich f\u00fcr die Gemeinschaft der Reparaturinitiativen erachtet werden. In diesem Rahmen sammelten die TeilnehmerInnen Ideen f\u00fcr eine entstehende Online-Plattform (Welche Funktionen und Tools ben\u00f6tigen Repair Caf\u00e9s zur Organisation, Vernetzung und Kommunikation?), die von der anstiftung in naher Zukunft unter der Domain <a href=\"http:\/\/www.repaircafe.info\/\">www.repaircafe.info<\/a> umgesetzt wird.<br \/>\nEine andere Gruppe verfasste eine Reparatur-Resolution und besch\u00e4ftigte sich mit u.a. den von Prof. Dr. K\u00f6lmel eingebrachten \u00dcberlegungen f\u00fcr ein Reparatur-Siegel zur Kennzeichnung der Reparierbarkeit von Produkten. Die entstandene Resolution wurde am Ende der Veranstaltung vor allen TeilnehmerInnen verlesen und ist hier nachzulesen: <a href=\"http:\/\/anstiftung-ertomis.de\/jdownloads\/Sonstige\/repaircafe-dt-resolution-11102014.pdf\">KLICK<\/a><\/p>\n<h6>C) Ausstellung der Umfrageergebnisse<\/h6>\n<p>Aus den Ergebnissen der im Vorfeld durchgef\u00fchrten Umfrage (gro\u00dfes Dankesch\u00f6n an alle, die teilgenommen haben! Ein R\u00fccklauf von \u00fcber&nbsp; 50% ist toll!), hat die Illustratorin Anna Lena Schiller (<a href=\"http:\/\/www.annalenaschiller.com\/\">www.annalenaschiller.com<\/a>) wundersch\u00f6ne Plakate gestaltet, die wir in einer kleinen Ausstellung am Vernetzungstreffen gezeigt haben. Wie versprochen findet Ihr <a href=\"https:\/\/www.dropbox.com\/sh\/2e36qpw9oenm30u\/AACtjD9GGcSy-2_4hLwCl9kta?dl=0\">hier einen Link<\/a>, wo Ihr digitale Versionen der sechs Infoplakate herunterladen k\u00f6nnt. Diese Bilder k\u00f6nnt Ihr gerne f\u00fcr Eure lokale Arbeit verwenden.<\/p>\n<h6>D) Podiumsdiskussion<\/h6>\n<p>Auf dem Podium, das Tom Hansing moderierte, diskutierten Andrea Baier (Soziologin, anstiftung), Sepp Eisenriegler (Gesch\u00e4ftsf\u00fchrer R.U.S.Z. Wien), Prof. Dr. Wolfgang Heckl (Generaldirektor Deutsches Museum &amp; Autor \u201eKultur der Reparatur\u201c), Matthias Huisken (Gesch\u00e4ftsf\u00fchrer ifixit Europe), Dr. Christian Krei\u00df (\u00d6konom &amp; Autor \u201eGeplanter Verschlei\u00df\u201c) und&nbsp; Stefan Schridde (Initiator Verbraucherschutzportal MURKS? NEIN DANKE!). Die gesamte Diskussion k\u00f6nnt Ihr hier ansehen: <a href=\"https:\/\/www.youtube.com\/watch?list=PL9rt2M0wvLVahj1leJBuf4UhV-2p9iaUu&amp;v=wqsu4nWVRwc&amp;feature=player_embedded\">KLICK<\/a><strong><br \/>\n<\/strong><\/p>\n<h4>2. Kooperation mit Stichting Repair Caf\u00e9 aufgel\u00f6st<\/h4>\n<p>Die scheinbar pl\u00f6tzliche Trennung von der Stichting Repair Caf\u00e9 in den Niederlanden hat beim Vernetzungstreffen f\u00fcr Gespr\u00e4chsstoff gesorgt. Es ist zentrales Anliegen der anstiftung, Repair Caf\u00e9s und Reparaturinitativen zu beraten und aktiv zur Vernetzung und zum Austausch beizutragen. F\u00fcr uns findet Reparieren in einem weiten und offenen Experimentierfeld von Commons und selbstbestimmten, nachhaltigen Lebensstilen statt. Repair Caf\u00e9s sind da ein Spielfeld in einer gr\u00f6\u00dferen Bewegung. Wir unterst\u00fctzen Repair Caf\u00e9s nicht als Marke oder Logo, sondern arbeiten mit Akteuren und Initiativen freier Assoziation und Namensgebung zusammen, die beitragen wollen zu einer commons-basierten Kultur der Nachhaltigkeit und des gemeinschaftlichen Selbermachens.<\/p>\n<p>Die Repair-Community ist kreativ und motiviert und wir m\u00f6chten dazu beitragen, Ideen gemeinschaftlich zu verwirklichen und weiterzuentwickeln. Unserer Ansicht nach m\u00fcssen Informationen und Mittel, um ein Repair Caf\u00e9 zu starten und zu betreiben, (kosten)frei zug\u00e4nglich und erweiterbar sein, um gezielt die Bed\u00fcrfnisse der Reparatur-Initiativen zu ber\u00fccksichtigen.&nbsp; Daher haben wir die Kooperation mit der Stichting Repair Caf\u00e9 aufgel\u00f6st.<\/p>\n<p>Wir sind weiterhin Ansprechpartnerin f\u00fcr alle Fragen. Wir beraten, unterst\u00fctzen und vernetzen. Jede Reparaturinitiative, gleich welchen Namens\/Logo, etc \u2026 ist bei uns willkommen. Wir werden ab 1.11. lediglich nicht mehr die deutschsprachige Sektion der Seite <a href=\"http:\/\/www.repaircafe.org\/\">www.repaircafe.org<\/a> pflegen, sondern wie beschrieben eine Plattform aufbauen, die Euch in Eurer lokalen Arbeit unterst\u00fctzt und echten Mehrwert bietet (<a href=\"http:\/\/www.repaircafe.info\/\">www.repaircafe.info<\/a>).<\/p>\n<h4>3. Materialien zur Unterst\u00fctzung<\/h4>\n<p>Nach und nach werden wir in Zukunft eigene Materialien bereitstellen, die die Organisation und Durchf\u00fchrung von Repair Caf\u00e9s erleichtern. Unser neues Logo findet ihr bereits hier zum Download, wer dieses verwenden m\u00f6chte, ist herzlich dazu eingeladen: <a href=\"http:\/\/anstiftung-ertomis.de\/images\/selbermachen\/repair-cafe\/header-rc.jpg\">KLICK<\/a><\/p>\n<p>Wir sind erreichbar unter:<\/p>\n<p>Repair Caf\u00e9 Koordinierungsstelle Deutschland<br \/>\nTom Hansing | Linn Quante | Ina Hemmelmann<br \/>\nTel: +49 089 74 74 60 -14<br \/>\nE-Mail: <a href=\"mailto:repaircafe@anstiftung.de\">repaircafe@anstiftung.de<\/a><\/p>\n<p>In diesem Sinne w\u00fcnschen wir Euch weiterhin viel Spa\u00df beim Organisieren Eurer Repair Caf\u00e9s und erfolgreiches Reparieren!<br \/>\nIna Hemmelmann &amp; Tom Hansing<\/p>\n<p>P.S.: F\u00fcr diejenigen, die leider nicht teilnehmen konnten: Es wird sicher auch im n\u00e4chsten Jahr wieder ein solches Treffen geben! Alle weiteren Informationen dazu geben wir nat\u00fcrlich rechtzeitig bekannt.<\/p>\n<p>Repair Caf\u00e9 Koordinierungsstelle Deutschland<br \/>\nTom Hansing | Linn Quante | Ina Hemmelmann<br \/>\nTel: +49 89 74 74 60-14<br \/>\nEmail: <a href=\"deutsch@repaircafe.org\">deutsch@repaircafe.org<\/a><\/p>\n<p><a href=\"https:\/\/www.facebook.com\/pages\/Repair-Caf%C3%A9-Koordinierungsstelle\/860244447336613?ref=hl\">Repair Caf\u00e9 Koordinierungsstelle bei Facebook<\/a><\/p>\n<p>Tr\u00e4ger der Koordinierungsstelle:&nbsp;Stiftungsgemeinschaft anstiftung &amp; ertomis gemeinn\u00fctzige Gmbh<br \/>\nDaiserstra\u00dfe 15, Rgb., 81371 M\u00fcnchen<br \/>\nGesch\u00e4ftsf\u00fchrende Gesellschafter: Dr. Christa M\u00fcller, Heinz R\u00fcdiger Grunewald<br \/>\nHandelsregister M\u00fcnchen HRB 89119 | USt.-IdNr. DE 217533264<br \/>\n<a href=\"http:\/\/www.anstiftung-ertomis.de\/\">www.anstiftung-ertomis.de<\/a><\/p>\n","protected":false},"excerpt":{"rendered":"<p>Bericht \u00fcber das bundesweite Vernetzungstreffen am 11.10.2014 von Tom Hansing (Anstiftung-Ertomis) Liebe Repair-Caf\u00e9-MacherInnen und InitiatorInnen von Reparaturinitativen, wir haben uns sehr gefreut, dass so viele von Euch nach M\u00fcnchen zum ersten bundesweiten Vernetzungstreffen angereist sind und wir Euch pers\u00f6nlich kennen lernen konnten. Es war ein inspirierender Tag mit tollen Leuten und motivierter Stimmung. Mit diesem Newsletter m\u00f6chten wir Euch alle <a class=\"more-link\" href=\"https:\/\/www.repair-cafe-gauting.de\/?p=531\">mehr lesen&#8230;<\/a><\/p>\n","protected":false},"author":1,"featured_media":1390,"comment_status":"closed","ping_status":"closed","sticky":false,"template":"","format":"standard","meta":{"footnotes":""},"categories":[1],"tags":[],"class_list":["post-531","post","type-post","status-publish","format-standard","has-post-thumbnail","hentry","category-allgemein"],"blog_post_layout_featured_media_urls":{"thumbnail":["https:\/\/www.repair-cafe-gauting.de\/wp-content\/uploads\/2019\/10\/cropped-RC-logoRaderen-1-150x150.png",150,150,true],"full":["https:\/\/www.repair-cafe-gauting.de\/wp-content\/uploads\/2019\/10\/cropped-RC-logoRaderen-1.png",512,512,false]},"categories_names":{"1":{"name":"Allgemein","link":"https:\/\/www.repair-cafe-gauting.de\/?cat=1"}},"tags_names":[],"comments_number":"2","_links":{"self":[{"href":"https:\/\/www.repair-cafe-gauting.de\/index.php?rest_route=\/wp\/v2\/posts\/531","targetHints":{"allow":["GET"]}}],"collection":[{"href":"https:\/\/www.repair-cafe-gauting.de\/index.php?rest_route=\/wp\/v2\/posts"}],"about":[{"href":"https:\/\/www.repair-cafe-gauting.de\/index.php?rest_route=\/wp\/v2\/types\/post"}],"author":[{"embeddable":true,"href":"https:\/\/www.repair-cafe-gauting.de\/index.php?rest_route=\/wp\/v2\/users\/1"}],"replies":[{"embeddable":true,"href":"https:\/\/www.repair-cafe-gauting.de\/index.php?rest_route=%2Fwp%2Fv2%2Fcomments&post=531"}],"version-history":[{"count":6,"href":"https:\/\/www.repair-cafe-gauting.de\/index.php?rest_route=\/wp\/v2\/posts\/531\/revisions"}],"predecessor-version":[{"id":1563,"href":"https:\/\/www.repair-cafe-gauting.de\/index.php?rest_route=\/wp\/v2\/posts\/531\/revisions\/1563"}],"wp:featuredmedia":[{"embeddable":true,"href":"https:\/\/www.repair-cafe-gauting.de\/index.php?rest_route=\/wp\/v2\/media\/1390"}],"wp:attachment":[{"href":"https:\/\/www.repair-cafe-gauting.de\/index.php?rest_route=%2Fwp%2Fv2%2Fmedia&parent=531"}],"wp:term":[{"taxonomy":"category","embeddable":true,"href":"https:\/\/www.repair-cafe-gauting.de\/index.php?rest_route=%2Fwp%2Fv2%2Fcategories&post=531"},{"taxonomy":"post_tag","embeddable":true,"href":"https:\/\/www.repair-cafe-gauting.de\/index.php?rest_route=%2Fwp%2Fv2%2Ftags&post=531"}],"curies":[{"name":"wp","href":"https:\/\/api.w.org\/{rel}","templated":true}]}}